{"id":577,"date":"2023-10-10T07:11:45","date_gmt":"2023-10-10T07:11:45","guid":{"rendered":"https:\/\/cms.code4rest.com\/wp05\/?p=577"},"modified":"2026-03-22T09:55:29","modified_gmt":"2026-03-22T09:55:29","slug":"plenty-vegetarian-options","status":"publish","type":"post","link":"https:\/\/faroitalo.pl\/index.php\/2023\/10\/10\/plenty-vegetarian-options\/","title":{"rendered":"Ostrygi Supreme \u2013 smak morza, kt\u00f3ry zostaje w g\u0142owie"},"content":{"rendered":"\n<p>Ostryga SUPREME II \u2013 smak oceanu, kt\u00f3ry zostaje w pami\u0119ci<\/p>\n\n\n\n<p>S\u0105 w kuchni takie momenty, w kt\u00f3rych rol\u0105 restauracji nie jest tworzenie, lecz powstrzymanie si\u0119 od nadmiaru. To chwile, kiedy produkt m\u00f3wi sam za siebie, a ka\u017cde dodatkowe dzia\u0142anie mo\u017ce jedynie zaburzy\u0107 jego naturalny charakter. Ostrygi nale\u017c\u0105 w\u0142a\u015bnie do tej kategorii.<\/p>\n\n\n\n<p>W Faro nie traktujemy ich jako efektownej przystawki ani elementu, kt\u00f3ry ma \u201ezrobi\u0107 wra\u017cenie\u201d. Traktujemy je jako do\u015bwiadczenie, kt\u00f3re opiera si\u0119 na jako\u015bci, \u015bwie\u017co\u015bci i w\u0142a\u015bciwym podaniu. Bo tylko wtedy maj\u0105 sens. Tylko wtedy mo\u017cna naprawd\u0119 zrozumie\u0107, czym jest ich smak.<\/p>\n\n\n\n<p>To smak czysty, mineralny, lekko s\u0142ony, z delikatn\u0105 nut\u0105 naturalnej s\u0142odyczy. Nie narzuca si\u0119, nie jest agresywny. Raczej rozwija si\u0119 stopniowo, pozostawiaj\u0105c po sobie d\u0142ugie, wyra\u017ane wra\u017cenie, kt\u00f3re trudno por\u00f3wna\u0107 z czymkolwiek innym.<\/p>\n\n\n\n<hr class=\"wp-block-separator has-alpha-channel-opacity\"\/>\n\n\n\n<h3 class=\"wp-block-heading\">Czym s\u0105 ostrygi SUPREME i dlaczego maj\u0105 znaczenie<\/h3>\n\n\n\n<p>Okre\u015blenie SUPREME nie jest ozdobnikiem ani marketingowym dodatkiem. W odniesieniu do ostryg oznacza konkretn\u0105 jako\u015b\u0107 \u2014 odpowiedni rozmiar, j\u0119drne, pe\u0142ne mi\u0119so oraz w\u0142a\u015bciwe warunki hodowli, kt\u00f3re przek\u0142adaj\u0105 si\u0119 na smak i struktur\u0119. To ostrygi, kt\u00f3re nie s\u0105 ani przypadkowe, ani przeci\u0119tne. Maj\u0105 wyra\u017any charakter, s\u0105 soczyste i dobrze zbalansowane. Ich tekstura jest pe\u0142na, spr\u0119\u017cysta, a smak pozostaje czytelny i harmonijny. Nie wymagaj\u0105 korekty ani \u201eratowania\u201d dodatkami.<\/p>\n\n\n\n<p>Dla nas to punkt wyj\u015bcia. Je\u015bli produkt nie spe\u0142nia tych standard\u00f3w, nie trafia na talerz. Bo w przypadku ostryg nie ma miejsca na kompromisy \u2014 wszystko zaczyna si\u0119 od jako\u015bci.<\/p>\n\n\n\n<figure class=\"wp-block-gallery has-nested-images columns-default is-cropped wp-block-gallery-1 is-layout-flex wp-block-gallery-is-layout-flex\">\n<figure class=\"wp-block-image size-full\"><img fetchpriority=\"high\" decoding=\"async\" width=\"476\" height=\"530\" data-id=\"3222\" src=\"http:\/\/faroitalo.pl\/wp-content\/uploads\/2023\/10\/2.png\" alt=\"\" class=\"wp-image-3222\" srcset=\"https:\/\/faroitalo.pl\/wp-content\/uploads\/2023\/10\/2.png 476w, https:\/\/faroitalo.pl\/wp-content\/uploads\/2023\/10\/2-269x300.png 269w\" sizes=\"(max-width: 476px) 100vw, 476px\" \/><\/figure>\n\n\n\n<figure class=\"wp-block-image size-full\"><img decoding=\"async\" width=\"476\" height=\"530\" data-id=\"3223\" src=\"http:\/\/faroitalo.pl\/wp-content\/uploads\/2023\/10\/3.png\" alt=\"\" class=\"wp-image-3223\" srcset=\"https:\/\/faroitalo.pl\/wp-content\/uploads\/2023\/10\/3.png 476w, https:\/\/faroitalo.pl\/wp-content\/uploads\/2023\/10\/3-269x300.png 269w\" sizes=\"(max-width: 476px) 100vw, 476px\" \/><\/figure>\n\n\n\n<figure class=\"wp-block-image size-full\"><img decoding=\"async\" width=\"476\" height=\"530\" data-id=\"3221\" src=\"http:\/\/faroitalo.pl\/wp-content\/uploads\/2023\/10\/1.png\" alt=\"\" class=\"wp-image-3221\" srcset=\"https:\/\/faroitalo.pl\/wp-content\/uploads\/2023\/10\/1.png 476w, https:\/\/faroitalo.pl\/wp-content\/uploads\/2023\/10\/1-269x300.png 269w\" sizes=\"(max-width: 476px) 100vw, 476px\" \/><\/figure>\n<\/figure>\n\n\n\n<h2 class=\"wp-block-heading\">Tradycja, kt\u00f3ra uczy pokory<\/h2>\n\n\n\n<p>Historia ostryg si\u0119ga staro\u017cytno\u015bci, ale to, co w niej najwa\u017cniejsze, nie zmieni\u0142o si\u0119 przez wieki. Ju\u017c w czasach rzymskich uchodzi\u0142y za produkt wyj\u0105tkowy, zwi\u0105zany z luksusem i przyjemno\u015bci\u0105, ale jednocze\u015bnie niezwykle prosty w swojej formie. P\u00f3\u017aniej, szczeg\u00f3lnie we Francji, sta\u0142y si\u0119 cz\u0119\u015bci\u0105 codziennej kultury kulinarnej. Serwowane zar\u00f3wno w eleganckich restauracjach, jak i w portowych tawernach, zawsze opiera\u0142y si\u0119 na tym samym za\u0142o\u017ceniu \u2014 nie ingerowa\u0107 wi\u0119cej, ni\u017c to konieczne. Ta zasada pozostaje aktualna do dzi\u015b. I to w\u0142a\u015bnie ona jest nam najbli\u017csza. W Faro nie pr\u00f3bujemy \u201etworzy\u0107\u201d ostryg na nowo. Raczej staramy si\u0119 nie przeszkadza\u0107 temu, co ju\u017c zosta\u0142o stworzone przez natur\u0119.<\/p>\n\n\n\n<hr class=\"wp-block-separator has-alpha-channel-opacity\"\/>\n\n\n\n<h3 class=\"wp-block-heading\">Podanie, kt\u00f3re nie jest przypadkiem<\/h3>\n\n\n\n<p>Spos\u00f3b podania ostryg nie jest kwesti\u0105 estetyki, lecz funkcji. Ka\u017cdy element ma swoje uzasadnienie i wp\u0142ywa na odbi\u00f3r smaku. Ostryga SUPREME II trafia na st\u00f3\u0142 bezpo\u015brednio po otwarciu. To moment, w kt\u00f3rym jej struktura i aromat s\u0105 najpe\u0142niejsze. Podajemy j\u0105 na kruszonym lodzie, kt\u00f3ry nie jest wy\u0142\u0105cznie dekoracj\u0105 \u2014 utrzymuje odpowiedni\u0105 temperatur\u0119 i pozwala zachowa\u0107 \u015bwie\u017co\u015b\u0107, kt\u00f3ra jest kluczowa.<\/p>\n\n\n\n<p>Temperatura w przypadku ostryg ma ogromne znaczenie. Zbyt wysoka odbiera im charakter, zbyt niska t\u0142umi smak. L\u00f3d stabilizuje ten balans i pozwala wydoby\u0107 ich naturalne cechy. Do tego cytryna i sos mignonette. Nie jako dodatki \u201edla urozmaicenia\u201d, lecz jako elementy, kt\u00f3re od lat funkcjonuj\u0105 w tej samej roli \u2014 podkre\u015bli\u0107, nie zdominowa\u0107. Kilka kropli cytryny wprowadza \u015bwie\u017co\u015b\u0107 i delikatne prze\u0142amanie s\u0142ono\u015bci. Mignonette, oparty na occie winnym, szalotce i pieprzu, dodaje kwasowo\u015bci i subtelnej ostro\u015bci. Razem tworz\u0105 kontrast, kt\u00f3ry nie zmienia smaku ostryg, lecz pozwala odczu\u0107 go pe\u0142niej.<\/p>\n\n\n\n<hr class=\"wp-block-separator has-alpha-channel-opacity\"\/>\n\n\n\n<h3 class=\"wp-block-heading\">Ostrygi jako do\u015bwiadczenie<\/h3>\n\n\n\n<p>Ostrygi od dawna funkcjonuj\u0105 jako symbol zmys\u0142owo\u015bci i wyj\u0105tkowych okazji. Nie jest to wy\u0142\u0105cznie kwestia sk\u0142adu czy warto\u015bci od\u017cywczych, cho\u0107 zawarto\u015b\u0107 cynku rzeczywi\u015bcie ma swoje znaczenie.<\/p>\n\n\n\n<p>Chodzi raczej o spos\u00f3b, w jaki si\u0119 je spo\u017cywa. Bez po\u015bpiechu, z uwag\u0105, w skupieniu. To moment, kt\u00f3ry naturalnie wycisza i kieruje uwag\u0119 na smak, tekstur\u0119, temperatur\u0119. Nie jest to danie, kt\u00f3re \u201ezjada si\u0119 przy okazji\u201d. Wymaga obecno\u015bci. I w\u0142a\u015bnie dlatego tak dobrze wpisuje si\u0119 w sytuacje, kt\u00f3re maj\u0105 znaczenie \u2014 spotkania, rozmowy, wieczory, kt\u00f3re chcemy zapami\u0119ta\u0107.<\/p>\n\n\n\n<hr class=\"wp-block-separator has-alpha-channel-opacity\"\/>\n\n\n\n<h3 class=\"wp-block-heading\">Nasza filozofia \u2013 nie przeszkadza\u0107 produktowi<\/h3>\n\n\n\n<p>W Faro wierzymy, \u017ce dobre jedzenie nie zawsze polega na dodawaniu. Cz\u0119sto polega na rezygnacji z tego, co zb\u0119dne. Ostryga SUPREME II jest tego najlepszym przyk\u0142adem. Nie pr\u00f3bujemy jej zmienia\u0107, nie budujemy wok\u00f3\u0142 niej konstrukcji smakowych, kt\u00f3re mia\u0142yby co\u015b \u201eulepszy\u0107\u201d. Skupiamy si\u0119 na tym, by by\u0142a \u015bwie\u017ca, w\u0142a\u015bciwie podana i podana we w\u0142a\u015bciwym momencie.<\/p>\n\n\n\n<p>To podej\u015bcie wymaga dyscypliny, ale daje co\u015b, czego nie da si\u0119 osi\u0105gn\u0105\u0107 w inny spos\u00f3b \u2014 autentyczno\u015b\u0107.<\/p>\n\n\n\n<hr class=\"wp-block-separator has-alpha-channel-opacity\"\/>\n\n\n\n<h3 class=\"wp-block-heading\">Smak, kt\u00f3ry zostaje<\/h3>\n\n\n\n<p>Ostrygi nie s\u0105 do\u015bwiadczeniem natychmiastowym. Nie dzia\u0142aj\u0105 jak intensywne przyprawy czy ci\u0119\u017ckie dania. Ich si\u0142a tkwi w subtelno\u015bci i w tym, \u017ce zostawiaj\u0105 po sobie wyra\u017ane, d\u0142ugie wra\u017cenie.<\/p>\n\n\n\n<p>Wracaj\u0105 nie jako intensywny impuls, lecz jako wspomnienie smaku, momentu, atmosfery.<\/p>\n\n\n\n<p>I w\u0142a\u015bnie dlatego w Faro podajemy je tak, jak podajemy.<br>Bo wiemy, \u017ce je\u015bli produkt jest w\u0142a\u015bciwy, a forma uczciwa \u2014 reszta dzieje si\u0119 sama.<\/p>\n\n\n\n<p><\/p>\n","protected":false},"excerpt":{"rendered":"<p>Ostryga SUPREME II \u2013 smak oceanu, kt\u00f3ry zostaje w pami\u0119ci S\u0105 w kuchni takie momenty,&#8230;<\/p>\n","protected":false},"author":1,"featured_media":3217,"comment_status":"open","ping_status":"open","sticky":false,"template":"","format":"standard","meta":{"_monsterinsights_skip_tracking":false,"_monsterinsights_sitenote_active":false,"_monsterinsights_sitenote_note":"","_monsterinsights_sitenote_category":0,"_kad_post_transparent":"","_kad_post_title":"","_kad_post_layout":"","_kad_post_sidebar_id":"","_kad_post_content_style":"","_kad_post_vertical_padding":"","_kad_post_feature":"","_kad_post_feature_position":"","_kad_post_header":false,"_kad_post_footer":false,"footnotes":""},"categories":[6],"tags":[],"class_list":["post-577","post","type-post","status-publish","format-standard","has-post-thumbnail","hentry","category-co-podajemy"],"_links":{"self":[{"href":"https:\/\/faroitalo.pl\/index.php\/wp-json\/wp\/v2\/posts\/577","targetHints":{"allow":["GET"]}}],"collection":[{"href":"https:\/\/faroitalo.pl\/index.php\/wp-json\/wp\/v2\/posts"}],"about":[{"href":"https:\/\/faroitalo.pl\/index.php\/wp-json\/wp\/v2\/types\/post"}],"author":[{"embeddable":true,"href":"https:\/\/faroitalo.pl\/index.php\/wp-json\/wp\/v2\/users\/1"}],"replies":[{"embeddable":true,"href":"https:\/\/faroitalo.pl\/index.php\/wp-json\/wp\/v2\/comments?post=577"}],"version-history":[{"count":6,"href":"https:\/\/faroitalo.pl\/index.php\/wp-json\/wp\/v2\/posts\/577\/revisions"}],"predecessor-version":[{"id":3399,"href":"https:\/\/faroitalo.pl\/index.php\/wp-json\/wp\/v2\/posts\/577\/revisions\/3399"}],"wp:featuredmedia":[{"embeddable":true,"href":"https:\/\/faroitalo.pl\/index.php\/wp-json\/wp\/v2\/media\/3217"}],"wp:attachment":[{"href":"https:\/\/faroitalo.pl\/index.php\/wp-json\/wp\/v2\/media?parent=577"}],"wp:term":[{"taxonomy":"category","embeddable":true,"href":"https:\/\/faroitalo.pl\/index.php\/wp-json\/wp\/v2\/categories?post=577"},{"taxonomy":"post_tag","embeddable":true,"href":"https:\/\/faroitalo.pl\/index.php\/wp-json\/wp\/v2\/tags?post=577"}],"curies":[{"name":"wp","href":"https:\/\/api.w.org\/{rel}","templated":true}]}}